{"id":118730,"date":"2024-05-09T12:15:10","date_gmt":"2024-05-09T10:15:10","guid":{"rendered":"https:\/\/www.kletterretter.com\/?p=118730"},"modified":"2024-05-09T12:15:10","modified_gmt":"2024-05-09T10:15:10","slug":"nicholas-perreth","status":"publish","type":"post","link":"https:\/\/www.kletterretter.com\/en\/nicholas-perreth\/","title":{"rendered":"A glimpse into the life of paraclimber Nicholas Perreth"},"content":{"rendered":"<p>Hey everyone! In this edition, we take a glimpse into the life and passions of Nicholas Perreth, a hopeful optimist and avid climber. Despite his challenges, Nicholas remains undeterred and shares his love for climbing along with some of his favorite products and inspiring books.<!--more--><\/p>\n<p><strong>What should our followers know about you?<\/strong><br \/>\nAside from the obvious, the absence of my right leg, I am a hopeless optimist and generally always in a good mood. I make the best of everything and there&#8217;s nothing that can ruffle my feathers.<\/p>\n<p><strong>What is your favorite product from KletterRetter?<\/strong><br \/>\nWell, I love Creme Chalk, by far the best chalk I know. And I also really like the nail clipper. It simply clips the best \ud83d\ude00 And for cross-training, I&#8217;m totally into the Parallettes (wooden handles for push-ups). I can always do my favorite core and shoulder exercises on them.<\/p>\n<p><strong>Do you have a skincare routine and if so, what does it look like?<\/strong><br \/>\nNo, not really. I&#8217;m really lucky with my skin, but if my skin gets thin or I have a cut, then I apply the Kletter-Retter balm overnight and the next day it&#8217;s much better.<\/p>\n<p><strong>What athletic achievement are you most proud of?<\/strong><br \/>\nI&#8217;m most proud of my participation in World Cups and World Championships, where I usually land somewhere in the middle (even though I have to climb against athletes who have been climbing for as long as I&#8217;ve been alive \ud83d\ude00 and I only started bouldering in 2016). Last year, I came fifth at the World Cup in Salt Lake City and second in a few master competitions, so I was really happy with my performance. Besides that, I rode my mountain bike from Munich to Venice in 2016 and walked across the Alps on foot in 2018, both of which were tours I&#8217;m very proud of. Both were pretty exhausting.<\/p>\n<p><strong>Liquid or powder chalk?<\/strong><br \/>\nDefinitely liquid or Creme Chalk. For bouldering, I exclusively use Creme Chalk, and for sport climbing, I use the refillable chalkball after chalking up on the wall.<\/p>\n<p><strong>What would you like to share with our followers (perhaps a book, a documentary, a website, an event)?<\/strong><br \/>\nThere are two books that have had a big impact on me and in which I often found myself. I&#8217;ve read and listened to both books many times. One is &#8220;Courage: The Joy of Living Dangerously&#8221; by Osho and the other is &#8220;Shaolin &#8211; You Don&#8217;t Have to Fight to Win &#8211; Achieving Calm, Clarity, and Inner Strength with the Power of Thought&#8221; by Bernhard Moestl.<\/p>\n","protected":false},"excerpt":{"rendered":"<p>Hey everyone! In this edition, we take a glimpse into the life and passions of Nicholas Perreth, a hopeful optimist and avid climber. Despite his challenges, Nicholas remains undeterred and shares his love for climbing along with some of his favorite products and inspiring books.<\/p>\n","protected":false},"author":1202,"featured_media":118729,"comment_status":"closed","ping_status":"closed","sticky":false,"template":"","format":"standard","meta":{"footnotes":""},"categories":[2],"tags":[],"class_list":["post-118730","post","type-post","status-publish","format-standard","has-post-thumbnail","hentry","category-blog"],"yoast_head":"<!-- This site is optimized with the Yoast SEO plugin v27.1.1 - https:\/\/yoast.com\/product\/yoast-seo-wordpress\/ -->\n<title>A glimpse into the life of paraclimber Nicholas Perreth - KletterRetter - Skincare, Chalk &amp; Tape for climbers<\/title>\n<meta name=\"robots\" content=\"index, follow, max-snippet:-1, max-image-preview:large, max-video-preview:-1\" \/>\n<link rel=\"canonical\" href=\"https:\/\/www.kletterretter.com\/en\/nicholas-perreth\/\" \/>\n<meta property=\"og:locale\" content=\"en_US\" \/>\n<meta property=\"og:type\" content=\"article\" \/>\n<meta property=\"og:title\" content=\"A glimpse into the life of paraclimber Nicholas Perreth - KletterRetter - Skincare, Chalk &amp; Tape for climbers\" \/>\n<meta property=\"og:description\" content=\"Hey everyone! In this edition, we take a glimpse into the life and passions of Nicholas Perreth, a hopeful optimist and avid climber. Despite his challenges, Nicholas remains undeterred and shares his love for climbing along with some of his favorite products and inspiring books.\" \/>\n<meta property=\"og:url\" content=\"https:\/\/www.kletterretter.com\/en\/nicholas-perreth\/\" \/>\n<meta property=\"og:site_name\" content=\"KletterRetter - Skincare, Chalk &amp; Tape for climbers\" \/>\n<meta property=\"article:publisher\" content=\"http:\/\/www.facebook.com\/kletterretter\" \/>\n<meta property=\"article:published_time\" content=\"2024-05-09T10:15:10+00:00\" \/>\n<meta property=\"og:image\" content=\"https:\/\/www.kletterretter.com\/wp-content\/uploads\/2024\/05\/Untitled-1n.png\" \/>\n\t<meta property=\"og:image:width\" content=\"1200\" \/>\n\t<meta property=\"og:image:height\" content=\"630\" \/>\n\t<meta property=\"og:image:type\" content=\"image\/png\" \/>\n<meta name=\"author\" content=\"Jildou\" \/>\n<meta name=\"twitter:card\" content=\"summary_large_image\" \/>\n<meta name=\"twitter:label1\" content=\"Written by\" \/>\n\t<meta name=\"twitter:data1\" content=\"Jildou\" \/>\n\t<meta name=\"twitter:label2\" content=\"Est. reading time\" \/>\n\t<meta name=\"twitter:data2\" content=\"2 minutes\" \/>\n<script type=\"application\/ld+json\" class=\"yoast-schema-graph\">{\"@context\":\"https:\/\/schema.org\",\"@graph\":[{\"@type\":\"Article\",\"@id\":\"https:\/\/www.kletterretter.com\/en\/nicholas-perreth\/#article\",\"isPartOf\":{\"@id\":\"https:\/\/www.kletterretter.com\/en\/nicholas-perreth\/\"},\"author\":{\"name\":\"Jildou\",\"@id\":\"https:\/\/www.kletterretter.com\/#\/schema\/person\/a322caf2584628b25d4e3bd48fd184ab\"},\"headline\":\"A glimpse into the life of paraclimber Nicholas Perreth\",\"datePublished\":\"2024-05-09T10:15:10+00:00\",\"mainEntityOfPage\":{\"@id\":\"https:\/\/www.kletterretter.com\/en\/nicholas-perreth\/\"},\"wordCount\":441,\"publisher\":{\"@id\":\"https:\/\/www.kletterretter.com\/#organization\"},\"image\":{\"@id\":\"https:\/\/www.kletterretter.com\/en\/nicholas-perreth\/#primaryimage\"},\"thumbnailUrl\":\"https:\/\/www.kletterretter.com\/wp-content\/uploads\/2024\/05\/Untitled-1n.png\",\"articleSection\":[\"Expert Blog\"],\"inLanguage\":\"en-US\"},{\"@type\":\"WebPage\",\"@id\":\"https:\/\/www.kletterretter.com\/en\/nicholas-perreth\/\",\"url\":\"https:\/\/www.kletterretter.com\/en\/nicholas-perreth\/\",\"name\":\"A glimpse into the life of paraclimber Nicholas Perreth - KletterRetter - Skincare, Chalk &amp; Tape for climbers\",\"isPartOf\":{\"@id\":\"https:\/\/www.kletterretter.com\/#website\"},\"primaryImageOfPage\":{\"@id\":\"https:\/\/www.kletterretter.com\/en\/nicholas-perreth\/#primaryimage\"},\"image\":{\"@id\":\"https:\/\/www.kletterretter.com\/en\/nicholas-perreth\/#primaryimage\"},\"thumbnailUrl\":\"https:\/\/www.kletterretter.com\/wp-content\/uploads\/2024\/05\/Untitled-1n.png\",\"datePublished\":\"2024-05-09T10:15:10+00:00\",\"breadcrumb\":{\"@id\":\"https:\/\/www.kletterretter.com\/en\/nicholas-perreth\/#breadcrumb\"},\"inLanguage\":\"en-US\",\"potentialAction\":[{\"@type\":\"ReadAction\",\"target\":[\"https:\/\/www.kletterretter.com\/en\/nicholas-perreth\/\"]}]},{\"@type\":\"ImageObject\",\"inLanguage\":\"en-US\",\"@id\":\"https:\/\/www.kletterretter.com\/en\/nicholas-perreth\/#primaryimage\",\"url\":\"https:\/\/www.kletterretter.com\/wp-content\/uploads\/2024\/05\/Untitled-1n.png\",\"contentUrl\":\"https:\/\/www.kletterretter.com\/wp-content\/uploads\/2024\/05\/Untitled-1n.png\",\"width\":1200,\"height\":630},{\"@type\":\"BreadcrumbList\",\"@id\":\"https:\/\/www.kletterretter.com\/en\/nicholas-perreth\/#breadcrumb\",\"itemListElement\":[{\"@type\":\"ListItem\",\"position\":1,\"name\":\"Startseite\",\"item\":\"https:\/\/www.kletterretter.com\/en\/\"},{\"@type\":\"ListItem\",\"position\":2,\"name\":\"A glimpse into the life of paraclimber Nicholas Perreth\"}]},{\"@type\":\"WebSite\",\"@id\":\"https:\/\/www.kletterretter.com\/#website\",\"url\":\"https:\/\/www.kletterretter.com\/\",\"name\":\"KletterRetter - Climb more. Climb better.\",\"description\":\"Every hand tells a story\",\"publisher\":{\"@id\":\"https:\/\/www.kletterretter.com\/#organization\"},\"potentialAction\":[{\"@type\":\"SearchAction\",\"target\":{\"@type\":\"EntryPoint\",\"urlTemplate\":\"https:\/\/www.kletterretter.com\/?s={search_term_string}\"},\"query-input\":{\"@type\":\"PropertyValueSpecification\",\"valueRequired\":true,\"valueName\":\"search_term_string\"}}],\"inLanguage\":\"en-US\"},{\"@type\":\"Organization\",\"@id\":\"https:\/\/www.kletterretter.com\/#organization\",\"name\":\"KletterRetter\",\"url\":\"https:\/\/www.kletterretter.com\/\",\"logo\":{\"@type\":\"ImageObject\",\"inLanguage\":\"en-US\",\"@id\":\"https:\/\/www.kletterretter.com\/#\/schema\/logo\/image\/\",\"url\":\"https:\/\/www.kletterretter.com\/wp-content\/uploads\/2025\/07\/KR-long-blue-1.png\",\"contentUrl\":\"https:\/\/www.kletterretter.com\/wp-content\/uploads\/2025\/07\/KR-long-blue-1.png\",\"width\":1551,\"height\":348,\"caption\":\"KletterRetter\"},\"image\":{\"@id\":\"https:\/\/www.kletterretter.com\/#\/schema\/logo\/image\/\"},\"sameAs\":[\"http:\/\/www.facebook.com\/kletterretter\",\"http:\/\/www.instagram.com\/kletterretter\",\"http:\/\/linkedin.com\/company\/kletterretter\/\"]},{\"@type\":\"Person\",\"@id\":\"https:\/\/www.kletterretter.com\/#\/schema\/person\/a322caf2584628b25d4e3bd48fd184ab\",\"name\":\"Jildou\",\"description\":\"Unsere engagierte Sales- und Marketing-Expertin Jildou kommt aus den Niederlanden und lebt ihre Leidenschaft f\u00fcr das Klettern voll aus. Sie verbringt viel Zeit im Frankenjura und tr\u00e4gt ihre Begeisterung nicht nur ins B\u00fcro, sondern auch An den Fels. Jildou verbindet ihre Liebe zum Klettern mit ihrer Expertise im Sales- und Marketing \u2013 eine perfekte Kombination!\",\"url\":\"https:\/\/www.kletterretter.com\/en\/author\/jildou\/\"}]}<\/script>\n<!-- \/ Yoast SEO plugin. -->","yoast_head_json":{"title":"A glimpse into the life of paraclimber Nicholas Perreth - KletterRetter - Skincare, Chalk &amp; Tape for climbers","robots":{"index":"index","follow":"follow","max-snippet":"max-snippet:-1","max-image-preview":"max-image-preview:large","max-video-preview":"max-video-preview:-1"},"canonical":"https:\/\/www.kletterretter.com\/en\/nicholas-perreth\/","og_locale":"en_US","og_type":"article","og_title":"A glimpse into the life of paraclimber Nicholas Perreth - KletterRetter - Skincare, Chalk &amp; Tape for climbers","og_description":"Hey everyone! In this edition, we take a glimpse into the life and passions of Nicholas Perreth, a hopeful optimist and avid climber. Despite his challenges, Nicholas remains undeterred and shares his love for climbing along with some of his favorite products and inspiring books.","og_url":"https:\/\/www.kletterretter.com\/en\/nicholas-perreth\/","og_site_name":"KletterRetter - Skincare, Chalk &amp; Tape for climbers","article_publisher":"http:\/\/www.facebook.com\/kletterretter","article_published_time":"2024-05-09T10:15:10+00:00","og_image":[{"width":1200,"height":630,"url":"https:\/\/www.kletterretter.com\/wp-content\/uploads\/2024\/05\/Untitled-1n.png","type":"image\/png"}],"author":"Jildou","twitter_card":"summary_large_image","twitter_misc":{"Written by":"Jildou","Est. reading time":"2 minutes"},"schema":{"@context":"https:\/\/schema.org","@graph":[{"@type":"Article","@id":"https:\/\/www.kletterretter.com\/en\/nicholas-perreth\/#article","isPartOf":{"@id":"https:\/\/www.kletterretter.com\/en\/nicholas-perreth\/"},"author":{"name":"Jildou","@id":"https:\/\/www.kletterretter.com\/#\/schema\/person\/a322caf2584628b25d4e3bd48fd184ab"},"headline":"A glimpse into the life of paraclimber Nicholas Perreth","datePublished":"2024-05-09T10:15:10+00:00","mainEntityOfPage":{"@id":"https:\/\/www.kletterretter.com\/en\/nicholas-perreth\/"},"wordCount":441,"publisher":{"@id":"https:\/\/www.kletterretter.com\/#organization"},"image":{"@id":"https:\/\/www.kletterretter.com\/en\/nicholas-perreth\/#primaryimage"},"thumbnailUrl":"https:\/\/www.kletterretter.com\/wp-content\/uploads\/2024\/05\/Untitled-1n.png","articleSection":["Expert Blog"],"inLanguage":"en-US"},{"@type":"WebPage","@id":"https:\/\/www.kletterretter.com\/en\/nicholas-perreth\/","url":"https:\/\/www.kletterretter.com\/en\/nicholas-perreth\/","name":"A glimpse into the life of paraclimber Nicholas Perreth - KletterRetter - Skincare, Chalk &amp; Tape for climbers","isPartOf":{"@id":"https:\/\/www.kletterretter.com\/#website"},"primaryImageOfPage":{"@id":"https:\/\/www.kletterretter.com\/en\/nicholas-perreth\/#primaryimage"},"image":{"@id":"https:\/\/www.kletterretter.com\/en\/nicholas-perreth\/#primaryimage"},"thumbnailUrl":"https:\/\/www.kletterretter.com\/wp-content\/uploads\/2024\/05\/Untitled-1n.png","datePublished":"2024-05-09T10:15:10+00:00","breadcrumb":{"@id":"https:\/\/www.kletterretter.com\/en\/nicholas-perreth\/#breadcrumb"},"inLanguage":"en-US","potentialAction":[{"@type":"ReadAction","target":["https:\/\/www.kletterretter.com\/en\/nicholas-perreth\/"]}]},{"@type":"ImageObject","inLanguage":"en-US","@id":"https:\/\/www.kletterretter.com\/en\/nicholas-perreth\/#primaryimage","url":"https:\/\/www.kletterretter.com\/wp-content\/uploads\/2024\/05\/Untitled-1n.png","contentUrl":"https:\/\/www.kletterretter.com\/wp-content\/uploads\/2024\/05\/Untitled-1n.png","width":1200,"height":630},{"@type":"BreadcrumbList","@id":"https:\/\/www.kletterretter.com\/en\/nicholas-perreth\/#breadcrumb","itemListElement":[{"@type":"ListItem","position":1,"name":"Startseite","item":"https:\/\/www.kletterretter.com\/en\/"},{"@type":"ListItem","position":2,"name":"A glimpse into the life of paraclimber Nicholas Perreth"}]},{"@type":"WebSite","@id":"https:\/\/www.kletterretter.com\/#website","url":"https:\/\/www.kletterretter.com\/","name":"KletterRetter - Climb more. Climb better.","description":"Every hand tells a story","publisher":{"@id":"https:\/\/www.kletterretter.com\/#organization"},"potentialAction":[{"@type":"SearchAction","target":{"@type":"EntryPoint","urlTemplate":"https:\/\/www.kletterretter.com\/?s={search_term_string}"},"query-input":{"@type":"PropertyValueSpecification","valueRequired":true,"valueName":"search_term_string"}}],"inLanguage":"en-US"},{"@type":"Organization","@id":"https:\/\/www.kletterretter.com\/#organization","name":"KletterRetter","url":"https:\/\/www.kletterretter.com\/","logo":{"@type":"ImageObject","inLanguage":"en-US","@id":"https:\/\/www.kletterretter.com\/#\/schema\/logo\/image\/","url":"https:\/\/www.kletterretter.com\/wp-content\/uploads\/2025\/07\/KR-long-blue-1.png","contentUrl":"https:\/\/www.kletterretter.com\/wp-content\/uploads\/2025\/07\/KR-long-blue-1.png","width":1551,"height":348,"caption":"KletterRetter"},"image":{"@id":"https:\/\/www.kletterretter.com\/#\/schema\/logo\/image\/"},"sameAs":["http:\/\/www.facebook.com\/kletterretter","http:\/\/www.instagram.com\/kletterretter","http:\/\/linkedin.com\/company\/kletterretter\/"]},{"@type":"Person","@id":"https:\/\/www.kletterretter.com\/#\/schema\/person\/a322caf2584628b25d4e3bd48fd184ab","name":"Jildou","description":"Unsere engagierte Sales- und Marketing-Expertin Jildou kommt aus den Niederlanden und lebt ihre Leidenschaft f\u00fcr das Klettern voll aus. Sie verbringt viel Zeit im Frankenjura und tr\u00e4gt ihre Begeisterung nicht nur ins B\u00fcro, sondern auch An den Fels. Jildou verbindet ihre Liebe zum Klettern mit ihrer Expertise im Sales- und Marketing \u2013 eine perfekte Kombination!","url":"https:\/\/www.kletterretter.com\/en\/author\/jildou\/"}]}},"_links":{"self":[{"href":"https:\/\/www.kletterretter.com\/en\/wp-json\/wp\/v2\/posts\/118730","targetHints":{"allow":["GET"]}}],"collection":[{"href":"https:\/\/www.kletterretter.com\/en\/wp-json\/wp\/v2\/posts"}],"about":[{"href":"https:\/\/www.kletterretter.com\/en\/wp-json\/wp\/v2\/types\/post"}],"author":[{"embeddable":true,"href":"https:\/\/www.kletterretter.com\/en\/wp-json\/wp\/v2\/users\/1202"}],"replies":[{"embeddable":true,"href":"https:\/\/www.kletterretter.com\/en\/wp-json\/wp\/v2\/comments?post=118730"}],"version-history":[{"count":0,"href":"https:\/\/www.kletterretter.com\/en\/wp-json\/wp\/v2\/posts\/118730\/revisions"}],"wp:featuredmedia":[{"embeddable":true,"href":"https:\/\/www.kletterretter.com\/en\/wp-json\/wp\/v2\/media\/118729"}],"wp:attachment":[{"href":"https:\/\/www.kletterretter.com\/en\/wp-json\/wp\/v2\/media?parent=118730"}],"wp:term":[{"taxonomy":"category","embeddable":true,"href":"https:\/\/www.kletterretter.com\/en\/wp-json\/wp\/v2\/categories?post=118730"},{"taxonomy":"post_tag","embeddable":true,"href":"https:\/\/www.kletterretter.com\/en\/wp-json\/wp\/v2\/tags?post=118730"}],"curies":[{"name":"wp","href":"https:\/\/api.w.org\/{rel}","templated":true}]}}