{"id":118434,"date":"2024-04-07T19:23:47","date_gmt":"2024-04-07T17:23:47","guid":{"rendered":"https:\/\/www.kletterretter.com\/?p=118434"},"modified":"2024-04-07T19:23:47","modified_gmt":"2024-04-07T17:23:47","slug":"five-minutes-with-alex-megos","status":"publish","type":"post","link":"https:\/\/www.kletterretter.com\/en\/five-minutes-with-alex-megos\/","title":{"rendered":"Five Minutes with Alex Megos"},"content":{"rendered":"<p>Hello everyone! In this edition, we take five minutes to peek into the world of Alex Megos. Alongside his remarkable accomplishments on the rock, Alex also shares his passion for environmental conservation and some of his favorite products and books.<!--more--><\/p>\n<p><strong>What should our followers definitely know about you?<\/strong><br \/>\nEnvironmental protection is just as important to me as climbing, and it&#8217;s becoming increasingly important.<\/p>\n<p><strong>What is your favorite product from KletterRetter?<\/strong><br \/>\nKletterRetter hand cream.<\/p>\n<p><strong>Do you have a skincare routine, and if so, what does it look like?<\/strong><br \/>\nIt&#8217;s not easy to explain. I invest a lot of time in skincare. Often, I tape my fingers overnight with cream if I have cuts. Sometimes, I even use cream under the tape when I climb. I also often use razor blades to cut away skin.<\/p>\n<p>**What athletic achievement are you most proud of?**<br \/>\nFirst ascent of Bibliographie.<\/p>\n<p><strong>Liquid or Powder?<\/strong><br \/>\nPowder<\/p>\n<p><strong>What would you like to share with our followers (perhaps a book, a documentary, a website, an event)?<\/strong><br \/>\nThere are too many books to name here. So I&#8217;ll name a few: &#8220;How to Save Our Planet&#8221; by Mark Maslin, &#8220;Wasteland&#8221; by Oliver Franklin Wallis, &#8220;The 6th Extinction&#8221; by Elizabeth Kolbert, &#8220;Eating Animals&#8221; by Jonathan Safran Foer.<\/p>\n","protected":false},"excerpt":{"rendered":"<p>Hello everyone! In this edition, we take five minutes to peek into the world of Alex Megos. Alongside his remarkable accomplishments on the rock, Alex also shares his passion for environmental conservation and some of his favorite products and books.<\/p>\n","protected":false},"author":1202,"featured_media":118469,"comment_status":"closed","ping_status":"closed","sticky":false,"template":"","format":"standard","meta":{"footnotes":""},"categories":[2],"tags":[],"class_list":["post-118434","post","type-post","status-publish","format-standard","has-post-thumbnail","hentry","category-blog"],"yoast_head":"<!-- This site is optimized with the Yoast SEO plugin v27.1.1 - https:\/\/yoast.com\/product\/yoast-seo-wordpress\/ -->\n<title>Five Minutes with Alex Megos - KletterRetter - Skincare, Chalk &amp; Tape for climbers<\/title>\n<meta name=\"robots\" content=\"index, follow, max-snippet:-1, max-image-preview:large, max-video-preview:-1\" \/>\n<link rel=\"canonical\" href=\"https:\/\/www.kletterretter.com\/en\/five-minutes-with-alex-megos\/\" \/>\n<meta property=\"og:locale\" content=\"en_US\" \/>\n<meta property=\"og:type\" content=\"article\" \/>\n<meta property=\"og:title\" content=\"Five Minutes with Alex Megos - KletterRetter - Skincare, Chalk &amp; Tape for climbers\" \/>\n<meta property=\"og:description\" content=\"Hello everyone! In this edition, we take five minutes to peek into the world of Alex Megos. Alongside his remarkable accomplishments on the rock, Alex also shares his passion for environmental conservation and some of his favorite products and books.\" \/>\n<meta property=\"og:url\" content=\"https:\/\/www.kletterretter.com\/en\/five-minutes-with-alex-megos\/\" \/>\n<meta property=\"og:site_name\" content=\"KletterRetter - Skincare, Chalk &amp; Tape for climbers\" \/>\n<meta property=\"article:publisher\" content=\"http:\/\/www.facebook.com\/kletterretter\" \/>\n<meta property=\"article:published_time\" content=\"2024-04-07T17:23:47+00:00\" \/>\n<meta property=\"og:image\" content=\"https:\/\/www.kletterretter.com\/wp-content\/uploads\/2024\/04\/megos-1.jpg\" \/>\n\t<meta property=\"og:image:width\" content=\"1200\" \/>\n\t<meta property=\"og:image:height\" content=\"630\" \/>\n\t<meta property=\"og:image:type\" content=\"image\/jpeg\" \/>\n<meta name=\"author\" content=\"Jildou\" \/>\n<meta name=\"twitter:card\" content=\"summary_large_image\" \/>\n<meta name=\"twitter:label1\" content=\"Written by\" \/>\n\t<meta name=\"twitter:data1\" content=\"Jildou\" \/>\n\t<meta name=\"twitter:label2\" content=\"Est. reading time\" \/>\n\t<meta name=\"twitter:data2\" content=\"1 minute\" \/>\n<script type=\"application\/ld+json\" class=\"yoast-schema-graph\">{\"@context\":\"https:\/\/schema.org\",\"@graph\":[{\"@type\":\"Article\",\"@id\":\"https:\/\/www.kletterretter.com\/en\/five-minutes-with-alex-megos\/#article\",\"isPartOf\":{\"@id\":\"https:\/\/www.kletterretter.com\/en\/five-minutes-with-alex-megos\/\"},\"author\":{\"name\":\"Jildou\",\"@id\":\"https:\/\/www.kletterretter.com\/#\/schema\/person\/a322caf2584628b25d4e3bd48fd184ab\"},\"headline\":\"Five Minutes with Alex Megos\",\"datePublished\":\"2024-04-07T17:23:47+00:00\",\"mainEntityOfPage\":{\"@id\":\"https:\/\/www.kletterretter.com\/en\/five-minutes-with-alex-megos\/\"},\"wordCount\":213,\"publisher\":{\"@id\":\"https:\/\/www.kletterretter.com\/#organization\"},\"image\":{\"@id\":\"https:\/\/www.kletterretter.com\/en\/five-minutes-with-alex-megos\/#primaryimage\"},\"thumbnailUrl\":\"https:\/\/www.kletterretter.com\/wp-content\/uploads\/2024\/04\/megos-1.jpg\",\"articleSection\":[\"Expert Blog\"],\"inLanguage\":\"en-US\"},{\"@type\":\"WebPage\",\"@id\":\"https:\/\/www.kletterretter.com\/en\/five-minutes-with-alex-megos\/\",\"url\":\"https:\/\/www.kletterretter.com\/en\/five-minutes-with-alex-megos\/\",\"name\":\"Five Minutes with Alex Megos - KletterRetter - Skincare, Chalk &amp; Tape for climbers\",\"isPartOf\":{\"@id\":\"https:\/\/www.kletterretter.com\/#website\"},\"primaryImageOfPage\":{\"@id\":\"https:\/\/www.kletterretter.com\/en\/five-minutes-with-alex-megos\/#primaryimage\"},\"image\":{\"@id\":\"https:\/\/www.kletterretter.com\/en\/five-minutes-with-alex-megos\/#primaryimage\"},\"thumbnailUrl\":\"https:\/\/www.kletterretter.com\/wp-content\/uploads\/2024\/04\/megos-1.jpg\",\"datePublished\":\"2024-04-07T17:23:47+00:00\",\"breadcrumb\":{\"@id\":\"https:\/\/www.kletterretter.com\/en\/five-minutes-with-alex-megos\/#breadcrumb\"},\"inLanguage\":\"en-US\",\"potentialAction\":[{\"@type\":\"ReadAction\",\"target\":[\"https:\/\/www.kletterretter.com\/en\/five-minutes-with-alex-megos\/\"]}]},{\"@type\":\"ImageObject\",\"inLanguage\":\"en-US\",\"@id\":\"https:\/\/www.kletterretter.com\/en\/five-minutes-with-alex-megos\/#primaryimage\",\"url\":\"https:\/\/www.kletterretter.com\/wp-content\/uploads\/2024\/04\/megos-1.jpg\",\"contentUrl\":\"https:\/\/www.kletterretter.com\/wp-content\/uploads\/2024\/04\/megos-1.jpg\",\"width\":1200,\"height\":630},{\"@type\":\"BreadcrumbList\",\"@id\":\"https:\/\/www.kletterretter.com\/en\/five-minutes-with-alex-megos\/#breadcrumb\",\"itemListElement\":[{\"@type\":\"ListItem\",\"position\":1,\"name\":\"Startseite\",\"item\":\"https:\/\/www.kletterretter.com\/en\/\"},{\"@type\":\"ListItem\",\"position\":2,\"name\":\"Five Minutes with Alex Megos\"}]},{\"@type\":\"WebSite\",\"@id\":\"https:\/\/www.kletterretter.com\/#website\",\"url\":\"https:\/\/www.kletterretter.com\/\",\"name\":\"KletterRetter - Climb more. Climb better.\",\"description\":\"Every hand tells a story\",\"publisher\":{\"@id\":\"https:\/\/www.kletterretter.com\/#organization\"},\"potentialAction\":[{\"@type\":\"SearchAction\",\"target\":{\"@type\":\"EntryPoint\",\"urlTemplate\":\"https:\/\/www.kletterretter.com\/?s={search_term_string}\"},\"query-input\":{\"@type\":\"PropertyValueSpecification\",\"valueRequired\":true,\"valueName\":\"search_term_string\"}}],\"inLanguage\":\"en-US\"},{\"@type\":\"Organization\",\"@id\":\"https:\/\/www.kletterretter.com\/#organization\",\"name\":\"KletterRetter\",\"url\":\"https:\/\/www.kletterretter.com\/\",\"logo\":{\"@type\":\"ImageObject\",\"inLanguage\":\"en-US\",\"@id\":\"https:\/\/www.kletterretter.com\/#\/schema\/logo\/image\/\",\"url\":\"https:\/\/www.kletterretter.com\/wp-content\/uploads\/2025\/07\/KR-long-blue-1.png\",\"contentUrl\":\"https:\/\/www.kletterretter.com\/wp-content\/uploads\/2025\/07\/KR-long-blue-1.png\",\"width\":1551,\"height\":348,\"caption\":\"KletterRetter\"},\"image\":{\"@id\":\"https:\/\/www.kletterretter.com\/#\/schema\/logo\/image\/\"},\"sameAs\":[\"http:\/\/www.facebook.com\/kletterretter\",\"http:\/\/www.instagram.com\/kletterretter\",\"http:\/\/linkedin.com\/company\/kletterretter\/\"]},{\"@type\":\"Person\",\"@id\":\"https:\/\/www.kletterretter.com\/#\/schema\/person\/a322caf2584628b25d4e3bd48fd184ab\",\"name\":\"Jildou\",\"description\":\"Unsere engagierte Sales- und Marketing-Expertin Jildou kommt aus den Niederlanden und lebt ihre Leidenschaft f\u00fcr das Klettern voll aus. Sie verbringt viel Zeit im Frankenjura und tr\u00e4gt ihre Begeisterung nicht nur ins B\u00fcro, sondern auch An den Fels. Jildou verbindet ihre Liebe zum Klettern mit ihrer Expertise im Sales- und Marketing \u2013 eine perfekte Kombination!\",\"url\":\"https:\/\/www.kletterretter.com\/en\/author\/jildou\/\"}]}<\/script>\n<!-- \/ Yoast SEO plugin. -->","yoast_head_json":{"title":"Five Minutes with Alex Megos - KletterRetter - Skincare, Chalk &amp; Tape for climbers","robots":{"index":"index","follow":"follow","max-snippet":"max-snippet:-1","max-image-preview":"max-image-preview:large","max-video-preview":"max-video-preview:-1"},"canonical":"https:\/\/www.kletterretter.com\/en\/five-minutes-with-alex-megos\/","og_locale":"en_US","og_type":"article","og_title":"Five Minutes with Alex Megos - KletterRetter - Skincare, Chalk &amp; Tape for climbers","og_description":"Hello everyone! In this edition, we take five minutes to peek into the world of Alex Megos. Alongside his remarkable accomplishments on the rock, Alex also shares his passion for environmental conservation and some of his favorite products and books.","og_url":"https:\/\/www.kletterretter.com\/en\/five-minutes-with-alex-megos\/","og_site_name":"KletterRetter - Skincare, Chalk &amp; Tape for climbers","article_publisher":"http:\/\/www.facebook.com\/kletterretter","article_published_time":"2024-04-07T17:23:47+00:00","og_image":[{"width":1200,"height":630,"url":"https:\/\/www.kletterretter.com\/wp-content\/uploads\/2024\/04\/megos-1.jpg","type":"image\/jpeg"}],"author":"Jildou","twitter_card":"summary_large_image","twitter_misc":{"Written by":"Jildou","Est. reading time":"1 minute"},"schema":{"@context":"https:\/\/schema.org","@graph":[{"@type":"Article","@id":"https:\/\/www.kletterretter.com\/en\/five-minutes-with-alex-megos\/#article","isPartOf":{"@id":"https:\/\/www.kletterretter.com\/en\/five-minutes-with-alex-megos\/"},"author":{"name":"Jildou","@id":"https:\/\/www.kletterretter.com\/#\/schema\/person\/a322caf2584628b25d4e3bd48fd184ab"},"headline":"Five Minutes with Alex Megos","datePublished":"2024-04-07T17:23:47+00:00","mainEntityOfPage":{"@id":"https:\/\/www.kletterretter.com\/en\/five-minutes-with-alex-megos\/"},"wordCount":213,"publisher":{"@id":"https:\/\/www.kletterretter.com\/#organization"},"image":{"@id":"https:\/\/www.kletterretter.com\/en\/five-minutes-with-alex-megos\/#primaryimage"},"thumbnailUrl":"https:\/\/www.kletterretter.com\/wp-content\/uploads\/2024\/04\/megos-1.jpg","articleSection":["Expert Blog"],"inLanguage":"en-US"},{"@type":"WebPage","@id":"https:\/\/www.kletterretter.com\/en\/five-minutes-with-alex-megos\/","url":"https:\/\/www.kletterretter.com\/en\/five-minutes-with-alex-megos\/","name":"Five Minutes with Alex Megos - KletterRetter - Skincare, Chalk &amp; Tape for climbers","isPartOf":{"@id":"https:\/\/www.kletterretter.com\/#website"},"primaryImageOfPage":{"@id":"https:\/\/www.kletterretter.com\/en\/five-minutes-with-alex-megos\/#primaryimage"},"image":{"@id":"https:\/\/www.kletterretter.com\/en\/five-minutes-with-alex-megos\/#primaryimage"},"thumbnailUrl":"https:\/\/www.kletterretter.com\/wp-content\/uploads\/2024\/04\/megos-1.jpg","datePublished":"2024-04-07T17:23:47+00:00","breadcrumb":{"@id":"https:\/\/www.kletterretter.com\/en\/five-minutes-with-alex-megos\/#breadcrumb"},"inLanguage":"en-US","potentialAction":[{"@type":"ReadAction","target":["https:\/\/www.kletterretter.com\/en\/five-minutes-with-alex-megos\/"]}]},{"@type":"ImageObject","inLanguage":"en-US","@id":"https:\/\/www.kletterretter.com\/en\/five-minutes-with-alex-megos\/#primaryimage","url":"https:\/\/www.kletterretter.com\/wp-content\/uploads\/2024\/04\/megos-1.jpg","contentUrl":"https:\/\/www.kletterretter.com\/wp-content\/uploads\/2024\/04\/megos-1.jpg","width":1200,"height":630},{"@type":"BreadcrumbList","@id":"https:\/\/www.kletterretter.com\/en\/five-minutes-with-alex-megos\/#breadcrumb","itemListElement":[{"@type":"ListItem","position":1,"name":"Startseite","item":"https:\/\/www.kletterretter.com\/en\/"},{"@type":"ListItem","position":2,"name":"Five Minutes with Alex Megos"}]},{"@type":"WebSite","@id":"https:\/\/www.kletterretter.com\/#website","url":"https:\/\/www.kletterretter.com\/","name":"KletterRetter - Climb more. Climb better.","description":"Every hand tells a story","publisher":{"@id":"https:\/\/www.kletterretter.com\/#organization"},"potentialAction":[{"@type":"SearchAction","target":{"@type":"EntryPoint","urlTemplate":"https:\/\/www.kletterretter.com\/?s={search_term_string}"},"query-input":{"@type":"PropertyValueSpecification","valueRequired":true,"valueName":"search_term_string"}}],"inLanguage":"en-US"},{"@type":"Organization","@id":"https:\/\/www.kletterretter.com\/#organization","name":"KletterRetter","url":"https:\/\/www.kletterretter.com\/","logo":{"@type":"ImageObject","inLanguage":"en-US","@id":"https:\/\/www.kletterretter.com\/#\/schema\/logo\/image\/","url":"https:\/\/www.kletterretter.com\/wp-content\/uploads\/2025\/07\/KR-long-blue-1.png","contentUrl":"https:\/\/www.kletterretter.com\/wp-content\/uploads\/2025\/07\/KR-long-blue-1.png","width":1551,"height":348,"caption":"KletterRetter"},"image":{"@id":"https:\/\/www.kletterretter.com\/#\/schema\/logo\/image\/"},"sameAs":["http:\/\/www.facebook.com\/kletterretter","http:\/\/www.instagram.com\/kletterretter","http:\/\/linkedin.com\/company\/kletterretter\/"]},{"@type":"Person","@id":"https:\/\/www.kletterretter.com\/#\/schema\/person\/a322caf2584628b25d4e3bd48fd184ab","name":"Jildou","description":"Unsere engagierte Sales- und Marketing-Expertin Jildou kommt aus den Niederlanden und lebt ihre Leidenschaft f\u00fcr das Klettern voll aus. Sie verbringt viel Zeit im Frankenjura und tr\u00e4gt ihre Begeisterung nicht nur ins B\u00fcro, sondern auch An den Fels. Jildou verbindet ihre Liebe zum Klettern mit ihrer Expertise im Sales- und Marketing \u2013 eine perfekte Kombination!","url":"https:\/\/www.kletterretter.com\/en\/author\/jildou\/"}]}},"_links":{"self":[{"href":"https:\/\/www.kletterretter.com\/en\/wp-json\/wp\/v2\/posts\/118434","targetHints":{"allow":["GET"]}}],"collection":[{"href":"https:\/\/www.kletterretter.com\/en\/wp-json\/wp\/v2\/posts"}],"about":[{"href":"https:\/\/www.kletterretter.com\/en\/wp-json\/wp\/v2\/types\/post"}],"author":[{"embeddable":true,"href":"https:\/\/www.kletterretter.com\/en\/wp-json\/wp\/v2\/users\/1202"}],"replies":[{"embeddable":true,"href":"https:\/\/www.kletterretter.com\/en\/wp-json\/wp\/v2\/comments?post=118434"}],"version-history":[{"count":0,"href":"https:\/\/www.kletterretter.com\/en\/wp-json\/wp\/v2\/posts\/118434\/revisions"}],"wp:featuredmedia":[{"embeddable":true,"href":"https:\/\/www.kletterretter.com\/en\/wp-json\/wp\/v2\/media\/118469"}],"wp:attachment":[{"href":"https:\/\/www.kletterretter.com\/en\/wp-json\/wp\/v2\/media?parent=118434"}],"wp:term":[{"taxonomy":"category","embeddable":true,"href":"https:\/\/www.kletterretter.com\/en\/wp-json\/wp\/v2\/categories?post=118434"},{"taxonomy":"post_tag","embeddable":true,"href":"https:\/\/www.kletterretter.com\/en\/wp-json\/wp\/v2\/tags?post=118434"}],"curies":[{"name":"wp","href":"https:\/\/api.w.org\/{rel}","templated":true}]}}